{"id":1283,"date":"2019-03-07T15:23:14","date_gmt":"2019-03-07T14:23:14","guid":{"rendered":"http:\/\/www.animabelge.be\/?p=1283"},"modified":"2019-07-28T11:25:39","modified_gmt":"2019-07-28T09:25:39","slug":"animabelge-asbl-activites-2019","status":"publish","type":"post","link":"https:\/\/www.animabelge.be\/?p=1283","title":{"rendered":"Animabelge ASBL : activit\u00e9s 2019"},"content":{"rendered":"<p>2018 a \u00e9t\u00e9 une tr\u00e8s belle ann\u00e9e pour l&rsquo;asbl et a \u00e9t\u00e9 aussi une petite r\u00e9surrection ! 2019 ne sera pas en reste. Voici les dates importantes de nos activit\u00e9s pour cette ann\u00e9e : bloquez d\u00e9j\u00e0 ces dates dans votre agenda !<\/p>\n<ul>\n<li>20 et 21 juillet : 5e f\u00eate de l&rsquo;\u00e2ne \u00e0 Marbisoux<\/li>\n<li>24 ao\u00fbt : 2e soir\u00e9e \u00e0 la viole<\/li>\n<li>14 septembre : 1er bal folk<\/li>\n<\/ul>\n<div data-carousel-extra='{\"blog_id\":1,\"permalink\":\"https:\\\/\\\/www.animabelge.be\\\/?p=1283\"}' class=\"tiled-gallery type-rectangular\" data-original-width=\"525\"><div class=\"gallery-row\" style=\"width: 520px; height: 229px;\"><div class=\"gallery-group images-1\" style=\"width: 348px; height: 233px;\"><div class=\"tiled-gallery-item tiled-gallery-item-large\"><a href=\"https:\/\/www.animabelge.be\/?attachment_id=1090\"><img loading=\"lazy\" decoding=\"async\" data-attachment-id=\"1090\" data-orig-file=\"https:\/\/www.animabelge.be\/wp-content\/uploads\/2018\/03\/DSC04656_2.jpg\" data-orig-size=\"1080,720\" data-comments-opened=\"0\" data-image-meta=\"{&quot;aperture&quot;:&quot;4.5&quot;,&quot;credit&quot;:&quot;&quot;,&quot;camera&quot;:&quot;DSLR-A100&quot;,&quot;caption&quot;:&quot;SONY DSC&quot;,&quot;created_timestamp&quot;:&quot;1497802315&quot;,&quot;copyright&quot;:&quot;&quot;,&quot;focal_length&quot;:&quot;26&quot;,&quot;iso&quot;:&quot;200&quot;,&quot;shutter_speed&quot;:&quot;0.025&quot;,&quot;title&quot;:&quot;SONY DSC&quot;,&quot;orientation&quot;:&quot;1&quot;}\" data-image-title=\"SONY DSC\" data-image-description=\"\" data-medium-file=\"https:\/\/i0.wp.com\/www.animabelge.be\/wp-content\/uploads\/2018\/03\/DSC04656_2.jpg?fit=300%2C200&#038;ssl=1\" data-large-file=\"https:\/\/i0.wp.com\/www.animabelge.be\/wp-content\/uploads\/2018\/03\/DSC04656_2.jpg?fit=525%2C350&#038;ssl=1\" src=\"https:\/\/i0.wp.com\/www.animabelge.be\/wp-content\/uploads\/2018\/03\/DSC04656_2-344x229.jpg\" width=\"344\" height=\"229\" align=\"left\" title=\"SONY DSC\" \/><\/a><div class=\"tiled-gallery-caption\">SONY DSC<\/div><\/div><\/div><div class=\"gallery-group images-2\" style=\"width: 172px; height: 233px;\"><div class=\"tiled-gallery-item tiled-gallery-item-small\"><a href=\"https:\/\/www.animabelge.be\/?attachment_id=1190\"><img loading=\"lazy\" decoding=\"async\" data-attachment-id=\"1190\" data-orig-file=\"https:\/\/www.animabelge.be\/wp-content\/uploads\/2018\/08\/DSC07089.jpg\" data-orig-size=\"1076,720\" data-comments-opened=\"0\" data-image-meta=\"{&quot;aperture&quot;:&quot;9&quot;,&quot;credit&quot;:&quot;&quot;,&quot;camera&quot;:&quot;DSLR-A100&quot;,&quot;caption&quot;:&quot;SONY DSC&quot;,&quot;created_timestamp&quot;:&quot;1532258943&quot;,&quot;copyright&quot;:&quot;&quot;,&quot;focal_length&quot;:&quot;35&quot;,&quot;iso&quot;:&quot;200&quot;,&quot;shutter_speed&quot;:&quot;0.003125&quot;,&quot;title&quot;:&quot;SONY DSC&quot;,&quot;orientation&quot;:&quot;1&quot;}\" data-image-title=\"SONY DSC\" data-image-description=\"\" data-medium-file=\"https:\/\/i0.wp.com\/www.animabelge.be\/wp-content\/uploads\/2018\/08\/DSC07089.jpg?fit=300%2C201&#038;ssl=1\" data-large-file=\"https:\/\/i0.wp.com\/www.animabelge.be\/wp-content\/uploads\/2018\/08\/DSC07089.jpg?fit=525%2C351&#038;ssl=1\" src=\"https:\/\/i0.wp.com\/www.animabelge.be\/wp-content\/uploads\/2018\/08\/DSC07089-168x113.jpg\" width=\"168\" height=\"113\" align=\"left\" title=\"SONY DSC\" \/><\/a><div class=\"tiled-gallery-caption\">SONY DSC<\/div><\/div><div class=\"tiled-gallery-item tiled-gallery-item-small\"><a href=\"https:\/\/www.animabelge.be\/?attachment_id=1206\"><img loading=\"lazy\" decoding=\"async\" data-attachment-id=\"1206\" data-orig-file=\"https:\/\/www.animabelge.be\/wp-content\/uploads\/2018\/08\/DSC07234.jpg\" data-orig-size=\"1076,720\" data-comments-opened=\"0\" data-image-meta=\"{&quot;aperture&quot;:&quot;5&quot;,&quot;credit&quot;:&quot;&quot;,&quot;camera&quot;:&quot;DSLR-A100&quot;,&quot;caption&quot;:&quot;SONY DSC&quot;,&quot;created_timestamp&quot;:&quot;1532263321&quot;,&quot;copyright&quot;:&quot;&quot;,&quot;focal_length&quot;:&quot;26&quot;,&quot;iso&quot;:&quot;200&quot;,&quot;shutter_speed&quot;:&quot;0.025&quot;,&quot;title&quot;:&quot;SONY DSC&quot;,&quot;orientation&quot;:&quot;1&quot;}\" data-image-title=\"SONY DSC\" data-image-description=\"\" data-medium-file=\"https:\/\/i0.wp.com\/www.animabelge.be\/wp-content\/uploads\/2018\/08\/DSC07234.jpg?fit=300%2C201&#038;ssl=1\" data-large-file=\"https:\/\/i0.wp.com\/www.animabelge.be\/wp-content\/uploads\/2018\/08\/DSC07234.jpg?fit=525%2C351&#038;ssl=1\" src=\"https:\/\/i0.wp.com\/www.animabelge.be\/wp-content\/uploads\/2018\/08\/DSC07234-168x112.jpg\" width=\"168\" height=\"112\" align=\"left\" title=\"SONY DSC\" \/><\/a><div class=\"tiled-gallery-caption\">SONY DSC<\/div><\/div><\/div><\/div><div class=\"gallery-row\" style=\"width: 520px; height: 156px;\"><div class=\"gallery-group images-1\" style=\"width: 238px; height: 160px;\"><div class=\"tiled-gallery-item tiled-gallery-item-small\"><a href=\"https:\/\/www.animabelge.be\/?attachment_id=1207\"><img loading=\"lazy\" decoding=\"async\" data-attachment-id=\"1207\" data-orig-file=\"https:\/\/www.animabelge.be\/wp-content\/uploads\/2018\/08\/DSC07240.jpg\" data-orig-size=\"1076,720\" data-comments-opened=\"0\" data-image-meta=\"{&quot;aperture&quot;:&quot;8&quot;,&quot;credit&quot;:&quot;&quot;,&quot;camera&quot;:&quot;DSLR-A100&quot;,&quot;caption&quot;:&quot;SONY DSC&quot;,&quot;created_timestamp&quot;:&quot;1532263413&quot;,&quot;copyright&quot;:&quot;&quot;,&quot;focal_length&quot;:&quot;18&quot;,&quot;iso&quot;:&quot;200&quot;,&quot;shutter_speed&quot;:&quot;0.016666666666667&quot;,&quot;title&quot;:&quot;SONY DSC&quot;,&quot;orientation&quot;:&quot;1&quot;}\" data-image-title=\"SONY DSC\" data-image-description=\"\" data-medium-file=\"https:\/\/i0.wp.com\/www.animabelge.be\/wp-content\/uploads\/2018\/08\/DSC07240.jpg?fit=300%2C201&#038;ssl=1\" data-large-file=\"https:\/\/i0.wp.com\/www.animabelge.be\/wp-content\/uploads\/2018\/08\/DSC07240.jpg?fit=525%2C351&#038;ssl=1\" src=\"https:\/\/i0.wp.com\/www.animabelge.be\/wp-content\/uploads\/2018\/08\/DSC07240-234x156.jpg\" width=\"234\" height=\"156\" align=\"left\" title=\"SONY DSC\" \/><\/a><div class=\"tiled-gallery-caption\">SONY DSC<\/div><\/div><\/div><div class=\"gallery-group images-1\" style=\"width: 282px; height: 160px;\"><div class=\"tiled-gallery-item tiled-gallery-item-large\"><a href=\"https:\/\/www.animabelge.be\/?attachment_id=1289\"><img loading=\"lazy\" decoding=\"async\" data-attachment-id=\"1289\" data-orig-file=\"https:\/\/www.animabelge.be\/wp-content\/uploads\/2019\/03\/Viole_2.jpg\" data-orig-size=\"3968,2232\" data-comments-opened=\"0\" data-image-meta=\"{&quot;aperture&quot;:&quot;2.2&quot;,&quot;credit&quot;:&quot;&quot;,&quot;camera&quot;:&quot;PRA-LX1&quot;,&quot;caption&quot;:&quot;btrhdr&quot;,&quot;created_timestamp&quot;:&quot;1534627535&quot;,&quot;copyright&quot;:&quot;&quot;,&quot;focal_length&quot;:&quot;3.83&quot;,&quot;iso&quot;:&quot;640&quot;,&quot;shutter_speed&quot;:&quot;0.07&quot;,&quot;title&quot;:&quot;btrhdr&quot;,&quot;orientation&quot;:&quot;0&quot;}\" data-image-title=\"btrhdr\" data-image-description=\"\" data-medium-file=\"https:\/\/i0.wp.com\/www.animabelge.be\/wp-content\/uploads\/2019\/03\/Viole_2.jpg?fit=300%2C169&#038;ssl=1\" data-large-file=\"https:\/\/i0.wp.com\/www.animabelge.be\/wp-content\/uploads\/2019\/03\/Viole_2.jpg?fit=525%2C295&#038;ssl=1\" src=\"https:\/\/i0.wp.com\/www.animabelge.be\/wp-content\/uploads\/2019\/03\/Viole_2-278x156.jpg\" width=\"278\" height=\"156\" align=\"left\" title=\"btrhdr\" \/><\/a><div class=\"tiled-gallery-caption\">btrhdr<\/div><\/div><\/div><\/div><div class=\"gallery-row\" style=\"width: 520px; height: 265px;\"><div class=\"gallery-group images-1\" style=\"width: 520px; height: 269px;\"><div class=\"tiled-gallery-item tiled-gallery-item-large\"><a href=\"https:\/\/www.animabelge.be\/?attachment_id=1248\"><img loading=\"lazy\" decoding=\"async\" data-attachment-id=\"1248\" data-orig-file=\"https:\/\/www.animabelge.be\/wp-content\/uploads\/2018\/10\/saint-hubert-2017.jpg\" data-orig-size=\"1570,807\" data-comments-opened=\"0\" data-image-meta=\"{&quot;aperture&quot;:&quot;0&quot;,&quot;credit&quot;:&quot;&quot;,&quot;camera&quot;:&quot;&quot;,&quot;caption&quot;:&quot;&quot;,&quot;created_timestamp&quot;:&quot;1538536346&quot;,&quot;copyright&quot;:&quot;&quot;,&quot;focal_length&quot;:&quot;0&quot;,&quot;iso&quot;:&quot;0&quot;,&quot;shutter_speed&quot;:&quot;0&quot;,&quot;title&quot;:&quot;&quot;,&quot;orientation&quot;:&quot;0&quot;}\" data-image-title=\"saint-hubert-2017\" data-image-description=\"\" data-medium-file=\"https:\/\/i0.wp.com\/www.animabelge.be\/wp-content\/uploads\/2018\/10\/saint-hubert-2017.jpg?fit=300%2C154&#038;ssl=1\" data-large-file=\"https:\/\/i0.wp.com\/www.animabelge.be\/wp-content\/uploads\/2018\/10\/saint-hubert-2017.jpg?fit=525%2C270&#038;ssl=1\" src=\"https:\/\/i0.wp.com\/www.animabelge.be\/wp-content\/uploads\/2018\/10\/saint-hubert-2017-516x265.jpg\" width=\"516\" height=\"265\" align=\"left\" title=\"saint-hubert-2017\" \/><\/a><\/div><\/div><\/div><\/div>\n<p>Nous serons pr\u00e9sents pour des petits tours \u00e0 poneys et \u00e2nes lors des manifestations suivantes :<\/p>\n<ul>\n<li>18 et 19 mai : Journ\u00e9es Europ\u00e9ennes des Moulins au Moulin de Gentinnes<\/li>\n<li>21 et 22 septembre : F\u00eate du petit \u00e9levage &#8211; PamExpo &#8211; Court-St-Etienne<\/li>\n<\/ul>\n<p>D&rsquo;autres dates viendront peut-\u00eatre s&rsquo;ajouter en cours de saison.<\/p>\n<p>Et, bien s\u00fbr, nous continuons, chaque dimanche, d&rsquo;organiser des <a href=\"http:\/\/www.animabelge.be\/?page_id=1086\">balades \u00e0 dos d&rsquo;\u00e2ne ou de poney<\/a> pour les enfants. Reprise des balades d\u00e8s le 7 avril prochain.<\/p>\n","protected":false},"excerpt":{"rendered":"<p>2018 a \u00e9t\u00e9 une tr\u00e8s belle ann\u00e9e pour l&rsquo;asbl et a \u00e9t\u00e9 aussi une petite r\u00e9surrection ! 2019 ne sera pas en reste. Voici les dates importantes de nos activit\u00e9s pour cette ann\u00e9e : bloquez d\u00e9j\u00e0 ces dates dans votre agenda ! 20 et 21 juillet : 5e f\u00eate de l&rsquo;\u00e2ne \u00e0 Marbisoux 24 ao\u00fbt &hellip; <\/p>\n<p class=\"link-more\"><a href=\"https:\/\/www.animabelge.be\/?p=1283\" class=\"more-link\">Continuer la lecture<span class=\"screen-reader-text\"> de &laquo;&nbsp;Animabelge ASBL : activit\u00e9s 2019&nbsp;&raquo;<\/span><\/a><\/p>\n","protected":false},"author":1,"featured_media":0,"comment_status":"closed","ping_status":"open","sticky":false,"template":"","format":"standard","meta":{"jetpack_post_was_ever_published":false,"_jetpack_newsletter_access":"","_jetpack_dont_email_post_to_subs":false,"_jetpack_newsletter_tier_id":0,"_jetpack_memberships_contains_paywalled_content":false,"_jetpack_memberships_contains_paid_content":false,"footnotes":"","jetpack_publicize_message":"","jetpack_publicize_feature_enabled":true,"jetpack_social_post_already_shared":true,"jetpack_social_options":{"image_generator_settings":{"template":"highway","default_image_id":0,"font":"","enabled":false},"version":2}},"categories":[1],"tags":[],"class_list":["post-1283","post","type-post","status-publish","format-standard","hentry","category-non-classe"],"jetpack_publicize_connections":[],"jetpack_featured_media_url":"","jetpack_sharing_enabled":true,"jetpack_shortlink":"https:\/\/wp.me\/p9DO0T-kH","jetpack_likes_enabled":true,"jetpack-related-posts":[],"_links":{"self":[{"href":"https:\/\/www.animabelge.be\/index.php?rest_route=\/wp\/v2\/posts\/1283","targetHints":{"allow":["GET"]}}],"collection":[{"href":"https:\/\/www.animabelge.be\/index.php?rest_route=\/wp\/v2\/posts"}],"about":[{"href":"https:\/\/www.animabelge.be\/index.php?rest_route=\/wp\/v2\/types\/post"}],"author":[{"embeddable":true,"href":"https:\/\/www.animabelge.be\/index.php?rest_route=\/wp\/v2\/users\/1"}],"replies":[{"embeddable":true,"href":"https:\/\/www.animabelge.be\/index.php?rest_route=%2Fwp%2Fv2%2Fcomments&post=1283"}],"version-history":[{"count":4,"href":"https:\/\/www.animabelge.be\/index.php?rest_route=\/wp\/v2\/posts\/1283\/revisions"}],"predecessor-version":[{"id":1292,"href":"https:\/\/www.animabelge.be\/index.php?rest_route=\/wp\/v2\/posts\/1283\/revisions\/1292"}],"wp:attachment":[{"href":"https:\/\/www.animabelge.be\/index.php?rest_route=%2Fwp%2Fv2%2Fmedia&parent=1283"}],"wp:term":[{"taxonomy":"category","embeddable":true,"href":"https:\/\/www.animabelge.be\/index.php?rest_route=%2Fwp%2Fv2%2Fcategories&post=1283"},{"taxonomy":"post_tag","embeddable":true,"href":"https:\/\/www.animabelge.be\/index.php?rest_route=%2Fwp%2Fv2%2Ftags&post=1283"}],"curies":[{"name":"wp","href":"https:\/\/api.w.org\/{rel}","templated":true}]}}