{"id":1311,"date":"2019-07-03T12:39:44","date_gmt":"2019-07-03T10:39:44","guid":{"rendered":"http:\/\/www.animabelge.be\/?p=1311"},"modified":"2019-07-28T11:25:39","modified_gmt":"2019-07-28T09:25:39","slug":"une-matinee-chez-radio-quartz","status":"publish","type":"post","link":"https:\/\/www.animabelge.be\/?p=1311","title":{"rendered":"Une matin\u00e9e chez Radio Quartz"},"content":{"rendered":"<p>Animabelge ASBL a \u00e9t\u00e9 \u00ab\u00a0l&rsquo;invit\u00e9 du dimanche matin\u00a0\u00bb de Radio Quartz, dimanche dernier.<\/p>\n<p>Cela aura \u00e9t\u00e9 l&rsquo;occasion de pr\u00e9senter Animabelge et, surtout, notre prochaine f\u00eate de l&rsquo;\u00e2ne du 21 juillet prochain.<\/p>\n<p>Retrouvez ici le contenu de cette interview :<\/p>\n<!--[if lt IE 9]><script>document.createElement('audio');<\/script><![endif]-->\n<audio class=\"wp-audio-shortcode\" id=\"audio-1311-1\" preload=\"none\" style=\"width: 100%;\" controls=\"controls\"><source type=\"audio\/mpeg\" src=\"http:\/\/www.animabelge.be\/wp-content\/uploads\/2019\/07\/RadioQuartz_30-06-19.mp3?_=1\" \/><a href=\"http:\/\/www.animabelge.be\/wp-content\/uploads\/2019\/07\/RadioQuartz_30-06-19.mp3\">http:\/\/www.animabelge.be\/wp-content\/uploads\/2019\/07\/RadioQuartz_30-06-19.mp3<\/a><\/audio>\n<p><img data-recalc-dims=\"1\" loading=\"lazy\" decoding=\"async\" data-attachment-id=\"1313\" data-permalink=\"https:\/\/www.animabelge.be\/?attachment_id=1313\" data-orig-file=\"https:\/\/i0.wp.com\/www.animabelge.be\/wp-content\/uploads\/2019\/07\/Quartz_logo_officiel.jpg?fit=1000%2C448&amp;ssl=1\" data-orig-size=\"1000,448\" data-comments-opened=\"0\" data-image-meta=\"{&quot;aperture&quot;:&quot;0&quot;,&quot;credit&quot;:&quot;&quot;,&quot;camera&quot;:&quot;&quot;,&quot;caption&quot;:&quot;&quot;,&quot;created_timestamp&quot;:&quot;0&quot;,&quot;copyright&quot;:&quot;&quot;,&quot;focal_length&quot;:&quot;0&quot;,&quot;iso&quot;:&quot;0&quot;,&quot;shutter_speed&quot;:&quot;0&quot;,&quot;title&quot;:&quot;&quot;,&quot;orientation&quot;:&quot;1&quot;}\" data-image-title=\"Quartz_logo_officiel\" data-image-description=\"\" data-image-caption=\"\" data-medium-file=\"https:\/\/i0.wp.com\/www.animabelge.be\/wp-content\/uploads\/2019\/07\/Quartz_logo_officiel.jpg?fit=300%2C134&amp;ssl=1\" data-large-file=\"https:\/\/i0.wp.com\/www.animabelge.be\/wp-content\/uploads\/2019\/07\/Quartz_logo_officiel.jpg?fit=525%2C235&amp;ssl=1\" class=\"aligncenter size-medium wp-image-1313\" src=\"https:\/\/i0.wp.com\/www.animabelge.be\/wp-content\/uploads\/2019\/07\/Quartz_logo_officiel.jpg?resize=300%2C134\" alt=\"\" width=\"300\" height=\"134\" srcset=\"https:\/\/i0.wp.com\/www.animabelge.be\/wp-content\/uploads\/2019\/07\/Quartz_logo_officiel.jpg?resize=300%2C134&amp;ssl=1 300w, https:\/\/i0.wp.com\/www.animabelge.be\/wp-content\/uploads\/2019\/07\/Quartz_logo_officiel.jpg?resize=768%2C344&amp;ssl=1 768w, https:\/\/i0.wp.com\/www.animabelge.be\/wp-content\/uploads\/2019\/07\/Quartz_logo_officiel.jpg?w=1000&amp;ssl=1 1000w\" sizes=\"auto, (max-width: 300px) 100vw, 300px\" \/><\/p>\n","protected":false},"excerpt":{"rendered":"<p>Animabelge ASBL a \u00e9t\u00e9 \u00ab\u00a0l&rsquo;invit\u00e9 du dimanche matin\u00a0\u00bb de Radio Quartz, dimanche dernier. Cela aura \u00e9t\u00e9 l&rsquo;occasion de pr\u00e9senter Animabelge et, surtout, notre prochaine f\u00eate de l&rsquo;\u00e2ne du 21 juillet prochain. Retrouvez ici le contenu de cette interview :<\/p>\n","protected":false},"author":1,"featured_media":0,"comment_status":"closed","ping_status":"open","sticky":false,"template":"","format":"standard","meta":{"jetpack_post_was_ever_published":false,"_jetpack_newsletter_access":"","_jetpack_dont_email_post_to_subs":false,"_jetpack_newsletter_tier_id":0,"_jetpack_memberships_contains_paywalled_content":false,"_jetpack_memberships_contains_paid_content":false,"footnotes":"","jetpack_publicize_message":"","jetpack_publicize_feature_enabled":true,"jetpack_social_post_already_shared":true,"jetpack_social_options":{"image_generator_settings":{"template":"highway","default_image_id":0,"font":"","enabled":false},"version":2}},"categories":[1],"tags":[],"class_list":["post-1311","post","type-post","status-publish","format-standard","hentry","category-non-classe"],"jetpack_publicize_connections":[],"jetpack_featured_media_url":"","jetpack_sharing_enabled":true,"jetpack_shortlink":"https:\/\/wp.me\/p9DO0T-l9","jetpack_likes_enabled":true,"jetpack-related-posts":[],"_links":{"self":[{"href":"https:\/\/www.animabelge.be\/index.php?rest_route=\/wp\/v2\/posts\/1311","targetHints":{"allow":["GET"]}}],"collection":[{"href":"https:\/\/www.animabelge.be\/index.php?rest_route=\/wp\/v2\/posts"}],"about":[{"href":"https:\/\/www.animabelge.be\/index.php?rest_route=\/wp\/v2\/types\/post"}],"author":[{"embeddable":true,"href":"https:\/\/www.animabelge.be\/index.php?rest_route=\/wp\/v2\/users\/1"}],"replies":[{"embeddable":true,"href":"https:\/\/www.animabelge.be\/index.php?rest_route=%2Fwp%2Fv2%2Fcomments&post=1311"}],"version-history":[{"count":2,"href":"https:\/\/www.animabelge.be\/index.php?rest_route=\/wp\/v2\/posts\/1311\/revisions"}],"predecessor-version":[{"id":1315,"href":"https:\/\/www.animabelge.be\/index.php?rest_route=\/wp\/v2\/posts\/1311\/revisions\/1315"}],"wp:attachment":[{"href":"https:\/\/www.animabelge.be\/index.php?rest_route=%2Fwp%2Fv2%2Fmedia&parent=1311"}],"wp:term":[{"taxonomy":"category","embeddable":true,"href":"https:\/\/www.animabelge.be\/index.php?rest_route=%2Fwp%2Fv2%2Fcategories&post=1311"},{"taxonomy":"post_tag","embeddable":true,"href":"https:\/\/www.animabelge.be\/index.php?rest_route=%2Fwp%2Fv2%2Ftags&post=1311"}],"curies":[{"name":"wp","href":"https:\/\/api.w.org\/{rel}","templated":true}]}}