{"id":1341,"date":"2019-08-18T11:26:39","date_gmt":"2019-08-18T09:26:39","guid":{"rendered":"http:\/\/www.animabelge.be\/?p=1341"},"modified":"2019-08-18T11:26:39","modified_gmt":"2019-08-18T09:26:39","slug":"soiree-a-la-viole","status":"publish","type":"post","link":"https:\/\/www.animabelge.be\/?p=1341","title":{"rendered":"Soir\u00e9e \u00e0 la viole"},"content":{"rendered":"<p>Apr\u00e8s la r\u00e9ussite de l&rsquo;ann\u00e9e pass\u00e9e, la viole de Louis Laermans revient cette ann\u00e9e dans les b\u00e2timents d&rsquo;Animabelge ASBL.<\/p>\n<p>Les \u00e2nes, poneys, ch\u00e8vres et vaches c\u00e8dent la\u00a0 place \u00e0 la piste de danse&#8230;<\/p>\n<p>Venez nous retrouver dans une ambiance r\u00e9tro pour quelques pas de danse ou juste pour profiter de l&rsquo;ambiance.<\/p>\n<p>Premi\u00e8res notes \u00e0 partir de 15h30, avant de se prolonger tard jusqu&rsquo;\u00e0 2h00 du matin !<\/p>\n<div data-carousel-extra='{\"blog_id\":1,\"permalink\":\"https:\\\/\\\/www.animabelge.be\\\/?p=1341\"}' class=\"tiled-gallery type-rectangular\" data-original-width=\"525\"><div class=\"gallery-row\" style=\"width: 520px; height: 375px;\"><div class=\"gallery-group images-2\" style=\"width: 251px; height: 379px;\"><div class=\"tiled-gallery-item tiled-gallery-item-small\"><a href=\"https:\/\/www.animabelge.be\/?attachment_id=1346\"><img loading=\"lazy\" decoding=\"async\" data-attachment-id=\"1346\" data-orig-file=\"https:\/\/www.animabelge.be\/wp-content\/uploads\/2019\/08\/39467896_10156048582108167_6636502939437367296_n.jpg\" data-orig-size=\"960,720\" data-comments-opened=\"0\" data-image-meta=\"{&quot;aperture&quot;:&quot;0&quot;,&quot;credit&quot;:&quot;&quot;,&quot;camera&quot;:&quot;&quot;,&quot;caption&quot;:&quot;&quot;,&quot;created_timestamp&quot;:&quot;0&quot;,&quot;copyright&quot;:&quot;&quot;,&quot;focal_length&quot;:&quot;0&quot;,&quot;iso&quot;:&quot;0&quot;,&quot;shutter_speed&quot;:&quot;0&quot;,&quot;title&quot;:&quot;&quot;,&quot;orientation&quot;:&quot;0&quot;}\" data-image-title=\"39467896_10156048582108167_6636502939437367296_n\" data-image-description=\"\" data-medium-file=\"https:\/\/i0.wp.com\/www.animabelge.be\/wp-content\/uploads\/2019\/08\/39467896_10156048582108167_6636502939437367296_n.jpg?fit=300%2C225&#038;ssl=1\" data-large-file=\"https:\/\/i0.wp.com\/www.animabelge.be\/wp-content\/uploads\/2019\/08\/39467896_10156048582108167_6636502939437367296_n.jpg?fit=525%2C394&#038;ssl=1\" src=\"https:\/\/i0.wp.com\/www.animabelge.be\/wp-content\/uploads\/2019\/08\/39467896_10156048582108167_6636502939437367296_n-247x186.jpg\" width=\"247\" height=\"186\" align=\"left\" title=\"39467896_10156048582108167_6636502939437367296_n\" \/><\/a><\/div><div class=\"tiled-gallery-item tiled-gallery-item-small\"><a href=\"https:\/\/www.animabelge.be\/?attachment_id=1345\"><img loading=\"lazy\" decoding=\"async\" data-attachment-id=\"1345\" data-orig-file=\"https:\/\/www.animabelge.be\/wp-content\/uploads\/2019\/08\/39442316_10156048581958167_279004863709315072_n.jpg\" data-orig-size=\"960,720\" data-comments-opened=\"0\" data-image-meta=\"{&quot;aperture&quot;:&quot;0&quot;,&quot;credit&quot;:&quot;&quot;,&quot;camera&quot;:&quot;&quot;,&quot;caption&quot;:&quot;&quot;,&quot;created_timestamp&quot;:&quot;0&quot;,&quot;copyright&quot;:&quot;&quot;,&quot;focal_length&quot;:&quot;0&quot;,&quot;iso&quot;:&quot;0&quot;,&quot;shutter_speed&quot;:&quot;0&quot;,&quot;title&quot;:&quot;&quot;,&quot;orientation&quot;:&quot;0&quot;}\" data-image-title=\"39442316_10156048581958167_279004863709315072_n\" data-image-description=\"\" data-medium-file=\"https:\/\/i0.wp.com\/www.animabelge.be\/wp-content\/uploads\/2019\/08\/39442316_10156048581958167_279004863709315072_n.jpg?fit=300%2C225&#038;ssl=1\" data-large-file=\"https:\/\/i0.wp.com\/www.animabelge.be\/wp-content\/uploads\/2019\/08\/39442316_10156048581958167_279004863709315072_n.jpg?fit=525%2C394&#038;ssl=1\" src=\"https:\/\/i0.wp.com\/www.animabelge.be\/wp-content\/uploads\/2019\/08\/39442316_10156048581958167_279004863709315072_n-247x185.jpg\" width=\"247\" height=\"185\" align=\"left\" title=\"39442316_10156048581958167_279004863709315072_n\" \/><\/a><\/div><\/div><div class=\"gallery-group images-1\" style=\"width: 269px; height: 379px;\"><div class=\"tiled-gallery-item tiled-gallery-item-large\"><a href=\"https:\/\/www.animabelge.be\/?attachment_id=1342\"><img loading=\"lazy\" decoding=\"async\" data-attachment-id=\"1342\" data-orig-file=\"https:\/\/www.animabelge.be\/wp-content\/uploads\/2019\/08\/Affiche-viole-2019-A4_720.jpg\" data-orig-size=\"720,1018\" data-comments-opened=\"0\" data-image-meta=\"{&quot;aperture&quot;:&quot;0&quot;,&quot;credit&quot;:&quot;&quot;,&quot;camera&quot;:&quot;&quot;,&quot;caption&quot;:&quot;Created with GIMP&quot;,&quot;created_timestamp&quot;:&quot;0&quot;,&quot;copyright&quot;:&quot;&quot;,&quot;focal_length&quot;:&quot;0&quot;,&quot;iso&quot;:&quot;0&quot;,&quot;shutter_speed&quot;:&quot;0&quot;,&quot;title&quot;:&quot;Created with GIMP&quot;,&quot;orientation&quot;:&quot;0&quot;}\" data-image-title=\"Created with GIMP\" data-image-description=\"\" data-medium-file=\"https:\/\/i0.wp.com\/www.animabelge.be\/wp-content\/uploads\/2019\/08\/Affiche-viole-2019-A4_720.jpg?fit=212%2C300&#038;ssl=1\" data-large-file=\"https:\/\/i0.wp.com\/www.animabelge.be\/wp-content\/uploads\/2019\/08\/Affiche-viole-2019-A4_720.jpg?fit=525%2C742&#038;ssl=1\" src=\"https:\/\/i0.wp.com\/www.animabelge.be\/wp-content\/uploads\/2019\/08\/Affiche-viole-2019-A4_720-265x375.jpg\" width=\"265\" height=\"375\" align=\"left\" title=\"Created with GIMP\" \/><\/a><div class=\"tiled-gallery-caption\">Created with GIMP<\/div><\/div><\/div><\/div><\/div>\n","protected":false},"excerpt":{"rendered":"<p>Apr\u00e8s la r\u00e9ussite de l&rsquo;ann\u00e9e pass\u00e9e, la viole de Louis Laermans revient cette ann\u00e9e dans les b\u00e2timents d&rsquo;Animabelge ASBL. Les \u00e2nes, poneys, ch\u00e8vres et vaches c\u00e8dent la\u00a0 place \u00e0 la piste de danse&#8230; Venez nous retrouver dans une ambiance r\u00e9tro pour quelques pas de danse ou juste pour profiter de l&rsquo;ambiance. Premi\u00e8res notes \u00e0 partir &hellip; <\/p>\n<p class=\"link-more\"><a href=\"https:\/\/www.animabelge.be\/?p=1341\" class=\"more-link\">Continuer la lecture<span class=\"screen-reader-text\"> de &laquo;&nbsp;Soir\u00e9e \u00e0 la viole&nbsp;&raquo;<\/span><\/a><\/p>\n","protected":false},"author":1,"featured_media":0,"comment_status":"closed","ping_status":"open","sticky":false,"template":"","format":"standard","meta":{"jetpack_post_was_ever_published":false,"_jetpack_newsletter_access":"","_jetpack_dont_email_post_to_subs":false,"_jetpack_newsletter_tier_id":0,"_jetpack_memberships_contains_paywalled_content":false,"_jetpack_memberships_contains_paid_content":false,"footnotes":"","jetpack_publicize_message":"","jetpack_publicize_feature_enabled":true,"jetpack_social_post_already_shared":true,"jetpack_social_options":{"image_generator_settings":{"template":"highway","default_image_id":0,"font":"","enabled":false},"version":2}},"categories":[1],"tags":[],"class_list":["post-1341","post","type-post","status-publish","format-standard","hentry","category-non-classe"],"jetpack_publicize_connections":[],"jetpack_featured_media_url":"","jetpack_sharing_enabled":true,"jetpack_shortlink":"https:\/\/wp.me\/p9DO0T-lD","jetpack_likes_enabled":true,"jetpack-related-posts":[],"_links":{"self":[{"href":"https:\/\/www.animabelge.be\/index.php?rest_route=\/wp\/v2\/posts\/1341","targetHints":{"allow":["GET"]}}],"collection":[{"href":"https:\/\/www.animabelge.be\/index.php?rest_route=\/wp\/v2\/posts"}],"about":[{"href":"https:\/\/www.animabelge.be\/index.php?rest_route=\/wp\/v2\/types\/post"}],"author":[{"embeddable":true,"href":"https:\/\/www.animabelge.be\/index.php?rest_route=\/wp\/v2\/users\/1"}],"replies":[{"embeddable":true,"href":"https:\/\/www.animabelge.be\/index.php?rest_route=%2Fwp%2Fv2%2Fcomments&post=1341"}],"version-history":[{"count":3,"href":"https:\/\/www.animabelge.be\/index.php?rest_route=\/wp\/v2\/posts\/1341\/revisions"}],"predecessor-version":[{"id":1347,"href":"https:\/\/www.animabelge.be\/index.php?rest_route=\/wp\/v2\/posts\/1341\/revisions\/1347"}],"wp:attachment":[{"href":"https:\/\/www.animabelge.be\/index.php?rest_route=%2Fwp%2Fv2%2Fmedia&parent=1341"}],"wp:term":[{"taxonomy":"category","embeddable":true,"href":"https:\/\/www.animabelge.be\/index.php?rest_route=%2Fwp%2Fv2%2Fcategories&post=1341"},{"taxonomy":"post_tag","embeddable":true,"href":"https:\/\/www.animabelge.be\/index.php?rest_route=%2Fwp%2Fv2%2Ftags&post=1341"}],"curies":[{"name":"wp","href":"https:\/\/api.w.org\/{rel}","templated":true}]}}