{"id":1369,"date":"2019-10-13T08:58:57","date_gmt":"2019-10-13T06:58:57","guid":{"rendered":"http:\/\/www.animabelge.be\/?p=1369"},"modified":"2019-10-17T10:24:34","modified_gmt":"2019-10-17T08:24:34","slug":"sabot-dane-2020-nous-avons-besoin-de-vous","status":"publish","type":"post","link":"https:\/\/www.animabelge.be\/?p=1369","title":{"rendered":"Sabot d&rsquo;\u00e2ne 2020 : nous avons besoin de vous !"},"content":{"rendered":"<p>Chaque ann\u00e9e,\u00a0 la f\u00eate de l&rsquo;\u00e2ne rassemble des \u00e9leveurs,\u00a0 ainsi que des artisans et tout un tas d&rsquo;activit\u00e9 sur le th\u00e8me de cet animal si exceptionnel.<\/p>\n<p>En juillet 2020,\u00a0 Animabelge asbl organisera la sixi\u00e8me \u00e9dition de sa f\u00eate de l&rsquo;\u00e2ne.<\/p>\n<p>Cette occasion vous permet,\u00a0 \u00e0 vous petits et grands, de venir vous divertir et d\u2019en apprendre plus sur ces fantastiques animaux ! Lors de cette journ\u00e9e, nous organisons entre-autre le \u00ab\u00a0sabot d&rsquo;\u00e2ne\u00a0\u00bb, un spectacle mettant en avant les comp\u00e9tences et caract\u00e9ristiques propres des \u00e2nes.<\/p>\n<p>C&rsquo;est pour cela que l&rsquo;on fait appel \u00e0 vous aujourd&rsquo;hui\u00a0!<\/p>\n<p>Et, pour ce faire, nous recherchons des b\u00e9n\u00e9voles de tous \u00e2ges \u00e0 partir de 12 ans !<\/p>\n<p>Alors, si vous&#8230;<\/p>\n<ul>\n<li style=\"list-style-type: none;\">\n<ul>\n<li>&#8230; savez pratiquer l&rsquo;\u00e9quitation, ou pas ;<\/li>\n<li>&#8230; \u00eates motiv\u00e9 et respectueux ;<\/li>\n<li>&#8230; \u00eates soucieux du bien-\u00eatre animal ;<\/li>\n<li>&#8230; \u00eates disponible 1 jour par mois (et un peu plus les semaines avant la f\u00eate de\u00a0 l&rsquo;\u00e2ne, en juillet)<\/li>\n<\/ul>\n<\/li>\n<\/ul>\n<div data-carousel-extra='{\"blog_id\":1,\"permalink\":\"https:\\\/\\\/www.animabelge.be\\\/?p=1369\"}' class=\"tiled-gallery type-rectangular\" data-original-width=\"525\"><div class=\"gallery-row\" style=\"width: 520px; height: 229px;\"><div class=\"gallery-group images-1\" style=\"width: 347px; height: 233px;\"><div class=\"tiled-gallery-item tiled-gallery-item-large\"><a href=\"https:\/\/www.animabelge.be\/?attachment_id=1375\"><img loading=\"lazy\" decoding=\"async\" data-attachment-id=\"1375\" data-orig-file=\"https:\/\/www.animabelge.be\/wp-content\/uploads\/2019\/10\/DSC00733.jpg\" data-orig-size=\"1080,720\" data-comments-opened=\"0\" data-image-meta=\"{&quot;aperture&quot;:&quot;6.3&quot;,&quot;credit&quot;:&quot;&quot;,&quot;camera&quot;:&quot;ILCA-68&quot;,&quot;caption&quot;:&quot;&quot;,&quot;created_timestamp&quot;:&quot;1563720023&quot;,&quot;copyright&quot;:&quot;&quot;,&quot;focal_length&quot;:&quot;70&quot;,&quot;iso&quot;:&quot;100&quot;,&quot;shutter_speed&quot;:&quot;0.005&quot;,&quot;title&quot;:&quot;&quot;,&quot;orientation&quot;:&quot;1&quot;}\" data-image-title=\"DSC00733\" data-image-description=\"\" data-medium-file=\"https:\/\/i0.wp.com\/www.animabelge.be\/wp-content\/uploads\/2019\/10\/DSC00733.jpg?fit=300%2C200&#038;ssl=1\" data-large-file=\"https:\/\/i0.wp.com\/www.animabelge.be\/wp-content\/uploads\/2019\/10\/DSC00733.jpg?fit=525%2C350&#038;ssl=1\" src=\"https:\/\/i0.wp.com\/www.animabelge.be\/wp-content\/uploads\/2019\/10\/DSC00733-343x229.jpg\" width=\"343\" height=\"229\" align=\"left\" title=\"DSC00733\" \/><\/a><\/div><\/div><div class=\"gallery-group images-2\" style=\"width: 173px; height: 233px;\"><div class=\"tiled-gallery-item tiled-gallery-item-small\"><a href=\"https:\/\/www.animabelge.be\/?attachment_id=1374\"><img loading=\"lazy\" decoding=\"async\" data-attachment-id=\"1374\" data-orig-file=\"https:\/\/www.animabelge.be\/wp-content\/uploads\/2019\/10\/DSC00626.jpg\" data-orig-size=\"1083,720\" data-comments-opened=\"0\" data-image-meta=\"{&quot;aperture&quot;:&quot;5.6&quot;,&quot;credit&quot;:&quot;&quot;,&quot;camera&quot;:&quot;ILCA-68&quot;,&quot;caption&quot;:&quot;&quot;,&quot;created_timestamp&quot;:&quot;1563719024&quot;,&quot;copyright&quot;:&quot;&quot;,&quot;focal_length&quot;:&quot;60&quot;,&quot;iso&quot;:&quot;500&quot;,&quot;shutter_speed&quot;:&quot;0.001&quot;,&quot;title&quot;:&quot;&quot;,&quot;orientation&quot;:&quot;1&quot;}\" data-image-title=\"DSC00626\" data-image-description=\"\" data-medium-file=\"https:\/\/i0.wp.com\/www.animabelge.be\/wp-content\/uploads\/2019\/10\/DSC00626.jpg?fit=300%2C199&#038;ssl=1\" data-large-file=\"https:\/\/i0.wp.com\/www.animabelge.be\/wp-content\/uploads\/2019\/10\/DSC00626.jpg?fit=525%2C349&#038;ssl=1\" src=\"https:\/\/i0.wp.com\/www.animabelge.be\/wp-content\/uploads\/2019\/10\/DSC00626-169x112.jpg\" width=\"169\" height=\"112\" align=\"left\" title=\"DSC00626\" \/><\/a><\/div><div class=\"tiled-gallery-item tiled-gallery-item-small\"><a href=\"https:\/\/www.animabelge.be\/?attachment_id=1220\"><img loading=\"lazy\" decoding=\"async\" data-attachment-id=\"1220\" data-orig-file=\"https:\/\/www.animabelge.be\/wp-content\/uploads\/2018\/08\/DSC07334.jpg\" data-orig-size=\"1076,720\" data-comments-opened=\"0\" data-image-meta=\"{&quot;aperture&quot;:&quot;9&quot;,&quot;credit&quot;:&quot;&quot;,&quot;camera&quot;:&quot;DSLR-A100&quot;,&quot;caption&quot;:&quot;SONY DSC&quot;,&quot;created_timestamp&quot;:&quot;1532272633&quot;,&quot;copyright&quot;:&quot;&quot;,&quot;focal_length&quot;:&quot;55&quot;,&quot;iso&quot;:&quot;200&quot;,&quot;shutter_speed&quot;:&quot;0.004&quot;,&quot;title&quot;:&quot;SONY DSC&quot;,&quot;orientation&quot;:&quot;1&quot;}\" data-image-title=\"SONY DSC\" data-image-description=\"\" data-medium-file=\"https:\/\/i0.wp.com\/www.animabelge.be\/wp-content\/uploads\/2018\/08\/DSC07334.jpg?fit=300%2C201&#038;ssl=1\" data-large-file=\"https:\/\/i0.wp.com\/www.animabelge.be\/wp-content\/uploads\/2018\/08\/DSC07334.jpg?fit=525%2C351&#038;ssl=1\" src=\"https:\/\/i0.wp.com\/www.animabelge.be\/wp-content\/uploads\/2018\/08\/DSC07334-169x113.jpg\" width=\"169\" height=\"113\" align=\"left\" title=\"SONY DSC\" \/><\/a><div class=\"tiled-gallery-caption\">SONY DSC<\/div><\/div><\/div><\/div><div class=\"gallery-row\" style=\"width: 520px; height: 149px;\"><div class=\"gallery-group images-1\" style=\"width: 294px; height: 153px;\"><div class=\"tiled-gallery-item tiled-gallery-item-large\"><a href=\"https:\/\/www.animabelge.be\/?attachment_id=1066\"><img loading=\"lazy\" decoding=\"async\" data-attachment-id=\"1066\" data-orig-file=\"https:\/\/www.animabelge.be\/wp-content\/uploads\/2018\/03\/13725113_815743871859714_481578462405026386_o_2.jpg\" data-orig-size=\"1892,973\" data-comments-opened=\"1\" data-image-meta=\"{&quot;aperture&quot;:&quot;0&quot;,&quot;credit&quot;:&quot;&quot;,&quot;camera&quot;:&quot;&quot;,&quot;caption&quot;:&quot;&quot;,&quot;created_timestamp&quot;:&quot;0&quot;,&quot;copyright&quot;:&quot;&quot;,&quot;focal_length&quot;:&quot;0&quot;,&quot;iso&quot;:&quot;0&quot;,&quot;shutter_speed&quot;:&quot;0&quot;,&quot;title&quot;:&quot;&quot;,&quot;orientation&quot;:&quot;0&quot;}\" data-image-title=\"13725113_815743871859714_481578462405026386_o_2\" data-image-description=\"\" data-medium-file=\"https:\/\/i0.wp.com\/www.animabelge.be\/wp-content\/uploads\/2018\/03\/13725113_815743871859714_481578462405026386_o_2.jpg?fit=300%2C154&#038;ssl=1\" data-large-file=\"https:\/\/i0.wp.com\/www.animabelge.be\/wp-content\/uploads\/2018\/03\/13725113_815743871859714_481578462405026386_o_2.jpg?fit=525%2C270&#038;ssl=1\" src=\"https:\/\/i0.wp.com\/www.animabelge.be\/wp-content\/uploads\/2018\/03\/13725113_815743871859714_481578462405026386_o_2-290x149.jpg\" width=\"290\" height=\"149\" align=\"left\" title=\"13725113_815743871859714_481578462405026386_o_2\" \/><\/a><\/div><\/div><div class=\"gallery-group images-1\" style=\"width: 226px; height: 153px;\"><div class=\"tiled-gallery-item tiled-gallery-item-small\"><a href=\"https:\/\/www.animabelge.be\/?attachment_id=1162\"><img loading=\"lazy\" decoding=\"async\" data-attachment-id=\"1162\" data-orig-file=\"https:\/\/www.animabelge.be\/wp-content\/uploads\/2018\/07\/DSC_1305.jpg\" data-orig-size=\"1076,720\" data-comments-opened=\"0\" data-image-meta=\"{&quot;aperture&quot;:&quot;8&quot;,&quot;credit&quot;:&quot;&quot;,&quot;camera&quot;:&quot;NIKON D60&quot;,&quot;caption&quot;:&quot;&quot;,&quot;created_timestamp&quot;:&quot;1469373166&quot;,&quot;copyright&quot;:&quot;&quot;,&quot;focal_length&quot;:&quot;26&quot;,&quot;iso&quot;:&quot;100&quot;,&quot;shutter_speed&quot;:&quot;0.004&quot;,&quot;title&quot;:&quot;&quot;,&quot;orientation&quot;:&quot;1&quot;}\" data-image-title=\"DSC_1305\" data-image-description=\"\" data-medium-file=\"https:\/\/i0.wp.com\/www.animabelge.be\/wp-content\/uploads\/2018\/07\/DSC_1305.jpg?fit=300%2C201&#038;ssl=1\" data-large-file=\"https:\/\/i0.wp.com\/www.animabelge.be\/wp-content\/uploads\/2018\/07\/DSC_1305.jpg?fit=525%2C351&#038;ssl=1\" src=\"https:\/\/i0.wp.com\/www.animabelge.be\/wp-content\/uploads\/2018\/07\/DSC_1305-222x149.jpg\" width=\"222\" height=\"149\" align=\"left\" title=\"DSC_1305\" \/><\/a><\/div><\/div><\/div><\/div>\n<p>Vous avez une \u00e2me d&rsquo;artiste, vous aimez les animaux et d\u00e9sirez proposer un peu de votre temps pour garantir un moment de joie et de bonne humeur \u00e0 chacun\u00a0?<\/p>\n<p>Alors rejoignez notre \u00e9quipe \u00ab\u00a0spectacle\u00a0\u00bb un apr\u00e8s-midi par mois dans une ambiance conviviale o\u00f9 vous serez libre d&rsquo;imaginer le show de votre choix. Nous avons le mat\u00e9riel n\u00e9cessaire \u00e0 la plupart des disciplines (dressage, obstacle, \u00e9thologie, attelage&#8230;) et vous offrons un local d\u2019entrep\u00f4t, une piste d\u2019entra\u00eenement et une grande possibilit\u00e9 d&rsquo;animaux \u00e0 disposition<\/p>\n<p>Pour plus de renseignements, contactez-nous !\u00a0 Pour cela, trois fa\u00e7ons de le faire :<\/p>\n<ul>\n<li style=\"list-style-type: none;\">\n<ul>\n<li>Via notre <a href=\"http:\/\/www.animabelge.be\/?page_id=18\">formulaire de contact<\/a> ;<\/li>\n<li>Par t\u00e9l\u00e9phone : 0468.36.97.28 (M\u00e9lanie) ;<\/li>\n<li>Par mail : sabotdane@gmail.com.<\/li>\n<\/ul>\n<\/li>\n<\/ul>\n","protected":false},"excerpt":{"rendered":"<p>Chaque ann\u00e9e,\u00a0 la f\u00eate de l&rsquo;\u00e2ne rassemble des \u00e9leveurs,\u00a0 ainsi que des artisans et tout un tas d&rsquo;activit\u00e9 sur le th\u00e8me de cet animal si exceptionnel. En juillet 2020,\u00a0 Animabelge asbl organisera la sixi\u00e8me \u00e9dition de sa f\u00eate de l&rsquo;\u00e2ne. Cette occasion vous permet,\u00a0 \u00e0 vous petits et grands, de venir vous divertir et d\u2019en &hellip; <\/p>\n<p class=\"link-more\"><a href=\"https:\/\/www.animabelge.be\/?p=1369\" class=\"more-link\">Continuer la lecture<span class=\"screen-reader-text\"> de &laquo;&nbsp;Sabot d&rsquo;\u00e2ne 2020 : nous avons besoin de vous !&nbsp;&raquo;<\/span><\/a><\/p>\n","protected":false},"author":1,"featured_media":0,"comment_status":"closed","ping_status":"open","sticky":false,"template":"","format":"standard","meta":{"jetpack_post_was_ever_published":false,"_jetpack_newsletter_access":"","_jetpack_dont_email_post_to_subs":false,"_jetpack_newsletter_tier_id":0,"_jetpack_memberships_contains_paywalled_content":false,"_jetpack_memberships_contains_paid_content":false,"footnotes":"","jetpack_publicize_message":"","jetpack_publicize_feature_enabled":true,"jetpack_social_post_already_shared":true,"jetpack_social_options":{"image_generator_settings":{"template":"highway","default_image_id":0,"font":"","enabled":false},"version":2}},"categories":[1],"tags":[],"class_list":["post-1369","post","type-post","status-publish","format-standard","hentry","category-non-classe"],"jetpack_publicize_connections":[],"jetpack_featured_media_url":"","jetpack_sharing_enabled":true,"jetpack_shortlink":"https:\/\/wp.me\/p9DO0T-m5","jetpack_likes_enabled":true,"jetpack-related-posts":[],"_links":{"self":[{"href":"https:\/\/www.animabelge.be\/index.php?rest_route=\/wp\/v2\/posts\/1369","targetHints":{"allow":["GET"]}}],"collection":[{"href":"https:\/\/www.animabelge.be\/index.php?rest_route=\/wp\/v2\/posts"}],"about":[{"href":"https:\/\/www.animabelge.be\/index.php?rest_route=\/wp\/v2\/types\/post"}],"author":[{"embeddable":true,"href":"https:\/\/www.animabelge.be\/index.php?rest_route=\/wp\/v2\/users\/1"}],"replies":[{"embeddable":true,"href":"https:\/\/www.animabelge.be\/index.php?rest_route=%2Fwp%2Fv2%2Fcomments&post=1369"}],"version-history":[{"count":5,"href":"https:\/\/www.animabelge.be\/index.php?rest_route=\/wp\/v2\/posts\/1369\/revisions"}],"predecessor-version":[{"id":1381,"href":"https:\/\/www.animabelge.be\/index.php?rest_route=\/wp\/v2\/posts\/1369\/revisions\/1381"}],"wp:attachment":[{"href":"https:\/\/www.animabelge.be\/index.php?rest_route=%2Fwp%2Fv2%2Fmedia&parent=1369"}],"wp:term":[{"taxonomy":"category","embeddable":true,"href":"https:\/\/www.animabelge.be\/index.php?rest_route=%2Fwp%2Fv2%2Fcategories&post=1369"},{"taxonomy":"post_tag","embeddable":true,"href":"https:\/\/www.animabelge.be\/index.php?rest_route=%2Fwp%2Fv2%2Ftags&post=1369"}],"curies":[{"name":"wp","href":"https:\/\/api.w.org\/{rel}","templated":true}]}}