{"id":1387,"date":"2020-04-28T14:47:57","date_gmt":"2020-04-28T12:47:57","guid":{"rendered":"http:\/\/www.animabelge.be\/?p=1387"},"modified":"2020-04-28T14:47:57","modified_gmt":"2020-04-28T12:47:57","slug":"fete-de-lane-ledition-2020-est-annulee","status":"publish","type":"post","link":"https:\/\/www.animabelge.be\/?p=1387","title":{"rendered":"F\u00eate de l&rsquo;\u00e2ne : l&rsquo;\u00e9dition 2020 est annul\u00e9e !"},"content":{"rendered":"<p><span id=\"cch_fdc8ae4f1b35d4\" class=\"_mh6 _wsc\"><span class=\"_3oh- _58nk\">\u00c0 la suite de contacts r\u00e9cents avec commune de Villers-la-Ville \u00e0 propos de l&rsquo;organisation possible ou non de la F\u00eate de l&rsquo;\u00c2ne en juillet prochain, nous n&rsquo;avons pas pu recevoir de garantie. <\/span><\/span><\/p>\n<p><span id=\"cch_fdc8ae4f1b35d4\" class=\"_mh6 _wsc\"><span class=\"_3oh- _58nk\">Face \u00e0 cette incertitude, nous avons pris la d\u00e9cision d&rsquo;annuler l&rsquo;\u00e9dition 2020 de la F\u00eate de l&rsquo;\u00c2ne et, dans la foul\u00e9e, la soir\u00e9e \u00e0 la Viole, initialement pr\u00e9vue, elle, le 22 ao\u00fbt prochain. <\/span><\/span><\/p>\n<p><span id=\"cch_fdc8ae4f1b35d4\" class=\"_mh6 _wsc\"><span class=\"_3oh- _58nk\">Ce n&rsquo;est pas de gaiet\u00e9 de c\u0153ur, mais ne pas savoir commen\u00e7ait \u00e0 devenir trop pesant et nous ne pouvons pas nous engager dans l&rsquo;organisation d&rsquo;un \u00e9v\u00e9nement qui pourrait \u00eatre annul\u00e9 \u00e0 la derni\u00e8re minute si les choses \u00e9voluent mal en \u00e9t\u00e9. <\/span><\/span><\/p>\n<p><span id=\"cch_fdc8ae4f1b35d4\" class=\"_mh6 _wsc\"><span class=\"_3oh- _58nk\">Ce sera un coup rude financi\u00e8rement pour Animabelge asbl. Aussi, nous r\u00e9fl\u00e9chissons \u00e0 l&rsquo;organisation d&rsquo;activit\u00e9s alternatives, de plus petite taille, pendant l&rsquo;\u00e9t\u00e9. Mais il est encore trop t\u00f4t pour en parler maintenant.<br \/>\n<\/span><\/span><\/p>\n<p>Nous esp\u00e9rons une reprise des balades \u00e0 dos d&rsquo;\u00e2ne d\u00e8s que possible&#8230;<\/p>\n","protected":false},"excerpt":{"rendered":"<p>\u00c0 la suite de contacts r\u00e9cents avec commune de Villers-la-Ville \u00e0 propos de l&rsquo;organisation possible ou non de la F\u00eate de l&rsquo;\u00c2ne en juillet prochain, nous n&rsquo;avons pas pu recevoir de garantie. Face \u00e0 cette incertitude, nous avons pris la d\u00e9cision d&rsquo;annuler l&rsquo;\u00e9dition 2020 de la F\u00eate de l&rsquo;\u00c2ne et, dans la foul\u00e9e, la soir\u00e9e &hellip; <\/p>\n<p class=\"link-more\"><a href=\"https:\/\/www.animabelge.be\/?p=1387\" class=\"more-link\">Continuer la lecture<span class=\"screen-reader-text\"> de &laquo;&nbsp;F\u00eate de l&rsquo;\u00e2ne : l&rsquo;\u00e9dition 2020 est annul\u00e9e !&nbsp;&raquo;<\/span><\/a><\/p>\n","protected":false},"author":1,"featured_media":0,"comment_status":"closed","ping_status":"open","sticky":false,"template":"","format":"standard","meta":{"jetpack_post_was_ever_published":false,"_jetpack_newsletter_access":"","_jetpack_dont_email_post_to_subs":false,"_jetpack_newsletter_tier_id":0,"_jetpack_memberships_contains_paywalled_content":false,"_jetpack_memberships_contains_paid_content":false,"footnotes":"","jetpack_publicize_message":"","jetpack_publicize_feature_enabled":true,"jetpack_social_post_already_shared":true,"jetpack_social_options":{"image_generator_settings":{"template":"highway","default_image_id":0,"font":"","enabled":false},"version":2}},"categories":[1],"tags":[],"class_list":["post-1387","post","type-post","status-publish","format-standard","hentry","category-non-classe"],"jetpack_publicize_connections":[],"jetpack_featured_media_url":"","jetpack_sharing_enabled":true,"jetpack_shortlink":"https:\/\/wp.me\/p9DO0T-mn","jetpack_likes_enabled":true,"jetpack-related-posts":[],"_links":{"self":[{"href":"https:\/\/www.animabelge.be\/index.php?rest_route=\/wp\/v2\/posts\/1387","targetHints":{"allow":["GET"]}}],"collection":[{"href":"https:\/\/www.animabelge.be\/index.php?rest_route=\/wp\/v2\/posts"}],"about":[{"href":"https:\/\/www.animabelge.be\/index.php?rest_route=\/wp\/v2\/types\/post"}],"author":[{"embeddable":true,"href":"https:\/\/www.animabelge.be\/index.php?rest_route=\/wp\/v2\/users\/1"}],"replies":[{"embeddable":true,"href":"https:\/\/www.animabelge.be\/index.php?rest_route=%2Fwp%2Fv2%2Fcomments&post=1387"}],"version-history":[{"count":2,"href":"https:\/\/www.animabelge.be\/index.php?rest_route=\/wp\/v2\/posts\/1387\/revisions"}],"predecessor-version":[{"id":1394,"href":"https:\/\/www.animabelge.be\/index.php?rest_route=\/wp\/v2\/posts\/1387\/revisions\/1394"}],"wp:attachment":[{"href":"https:\/\/www.animabelge.be\/index.php?rest_route=%2Fwp%2Fv2%2Fmedia&parent=1387"}],"wp:term":[{"taxonomy":"category","embeddable":true,"href":"https:\/\/www.animabelge.be\/index.php?rest_route=%2Fwp%2Fv2%2Fcategories&post=1387"},{"taxonomy":"post_tag","embeddable":true,"href":"https:\/\/www.animabelge.be\/index.php?rest_route=%2Fwp%2Fv2%2Ftags&post=1387"}],"curies":[{"name":"wp","href":"https:\/\/api.w.org\/{rel}","templated":true}]}}