{"id":671,"date":"2017-06-07T19:48:03","date_gmt":"2017-06-07T19:48:03","guid":{"rendered":"https:\/\/animabelgeasbl.wordpress.com\/?p=671"},"modified":"2019-07-28T11:25:41","modified_gmt":"2019-07-28T09:25:41","slug":"foire-aux-anes-et-aux-mules-de-lignieres","status":"publish","type":"post","link":"https:\/\/www.animabelge.be\/?p=671","title":{"rendered":"Foire aux \u00c2nes et aux Mules de Ligni\u00e8res"},"content":{"rendered":"<p>Ce lundi de Pentec\u00f4te se tenait la 32e \u00e9dition de la traditionelle foire aux \u00e2nes et aux mules de Ligni\u00e8res, dans le Berry, dans le centre de la France.<\/p>\n<p><img data-recalc-dims=\"1\" loading=\"lazy\" decoding=\"async\" data-attachment-id=\"718\" data-permalink=\"https:\/\/www.animabelge.be\/?attachment_id=718\" data-orig-file=\"https:\/\/i0.wp.com\/www.animabelge.be\/wp-content\/uploads\/2017\/06\/affiche.jpg?fit=393%2C556&amp;ssl=1\" data-orig-size=\"393,556\" data-comments-opened=\"1\" data-image-meta=\"{&quot;aperture&quot;:&quot;0&quot;,&quot;credit&quot;:&quot;&quot;,&quot;camera&quot;:&quot;&quot;,&quot;caption&quot;:&quot;&quot;,&quot;created_timestamp&quot;:&quot;0&quot;,&quot;copyright&quot;:&quot;&quot;,&quot;focal_length&quot;:&quot;0&quot;,&quot;iso&quot;:&quot;0&quot;,&quot;shutter_speed&quot;:&quot;0&quot;,&quot;title&quot;:&quot;&quot;,&quot;orientation&quot;:&quot;0&quot;}\" data-image-title=\"affiche\" data-image-description=\"\" data-image-caption=\"&lt;p&gt;Affiche de la 32e foire aux \u00e2nes et aux mules de Ligni\u00e8res&lt;\/p&gt;\n\" data-medium-file=\"https:\/\/i0.wp.com\/www.animabelge.be\/wp-content\/uploads\/2017\/06\/affiche.jpg?fit=212%2C300&amp;ssl=1\" data-large-file=\"https:\/\/i0.wp.com\/www.animabelge.be\/wp-content\/uploads\/2017\/06\/affiche.jpg?fit=393%2C556&amp;ssl=1\" class=\" size-medium wp-image-718 aligncenter\" src=\"https:\/\/animabelgeasbl.files.wordpress.com\/2017\/06\/affiche.jpg?w=212&#038;resize=212%2C300\" alt=\"affiche\" width=\"212\" height=\"300\" srcset=\"https:\/\/i0.wp.com\/www.animabelge.be\/wp-content\/uploads\/2017\/06\/affiche.jpg?w=393&amp;ssl=1 393w, https:\/\/i0.wp.com\/www.animabelge.be\/wp-content\/uploads\/2017\/06\/affiche.jpg?resize=212%2C300&amp;ssl=1 212w\" sizes=\"auto, (max-width: 212px) 100vw, 212px\" \/><\/p>\n<p>C&rsquo;\u00e9tait l&rsquo;occasion de d\u00e9couvrir des \u00e2nes venus des 4 coins de l&rsquo;hexagone et d&rsquo;ailleurs. Concours, d\u00e9monstrations, march\u00e9 et artisans, spectacles et randonn\u00e9es ; il y avait tout pour satisfaire les amoureux des \u00e2nes.<\/p>\n<p>Si la race \u00e0 l&rsquo;honneur \u00e9tait bien entendu l&rsquo;\u00e2ne grand noir du Berry, la foire est ouverte aux autres races et aux mules.<\/p>\n<p>Quelques photos de la foire :<\/p>\n<div data-carousel-extra='{\"blog_id\":1,\"permalink\":\"https:\\\/\\\/www.animabelge.be\\\/?p=671\"}' class=\"tiled-gallery type-rectangular\" data-original-width=\"525\"><div class=\"gallery-row\" style=\"width: 520px; height: 144px;\"><div class=\"gallery-group images-1\" style=\"width: 260px; height: 148px;\"><div class=\"tiled-gallery-item tiled-gallery-item-large\"><a href=\"https:\/\/www.animabelge.be\/?attachment_id=707\"><img loading=\"lazy\" decoding=\"async\" data-attachment-id=\"707\" data-orig-file=\"https:\/\/www.animabelge.be\/wp-content\/uploads\/2017\/06\/dsc01323.jpg\" data-orig-size=\"2000,1125\" data-comments-opened=\"1\" data-image-meta=\"{&quot;aperture&quot;:&quot;4.5&quot;,&quot;credit&quot;:&quot;&quot;,&quot;camera&quot;:&quot;DSC-W690&quot;,&quot;caption&quot;:&quot;&quot;,&quot;created_timestamp&quot;:&quot;1496596680&quot;,&quot;copyright&quot;:&quot;&quot;,&quot;focal_length&quot;:&quot;9.13&quot;,&quot;iso&quot;:&quot;80&quot;,&quot;shutter_speed&quot;:&quot;0.0025&quot;,&quot;title&quot;:&quot;&quot;,&quot;orientation&quot;:&quot;1&quot;}\" data-image-title=\"DSC01323\" data-image-description=\"\" data-medium-file=\"https:\/\/i0.wp.com\/www.animabelge.be\/wp-content\/uploads\/2017\/06\/dsc01323.jpg?fit=300%2C169&#038;ssl=1\" data-large-file=\"https:\/\/i0.wp.com\/www.animabelge.be\/wp-content\/uploads\/2017\/06\/dsc01323.jpg?fit=525%2C295&#038;ssl=1\" src=\"https:\/\/i0.wp.com\/www.animabelge.be\/wp-content\/uploads\/2017\/06\/dsc01323-256x144.jpg\" width=\"256\" height=\"144\" align=\"left\" title=\"DSC01323\" \/><\/a><\/div><\/div><div class=\"gallery-group images-1\" style=\"width: 260px; height: 148px;\"><div class=\"tiled-gallery-item tiled-gallery-item-large\"><a href=\"https:\/\/www.animabelge.be\/?attachment_id=708\"><img loading=\"lazy\" decoding=\"async\" data-attachment-id=\"708\" data-orig-file=\"https:\/\/www.animabelge.be\/wp-content\/uploads\/2017\/06\/dsc01330.jpg\" data-orig-size=\"2000,1125\" data-comments-opened=\"1\" data-image-meta=\"{&quot;aperture&quot;:&quot;3.3&quot;,&quot;credit&quot;:&quot;&quot;,&quot;camera&quot;:&quot;DSC-W690&quot;,&quot;caption&quot;:&quot;&quot;,&quot;created_timestamp&quot;:&quot;1496662124&quot;,&quot;copyright&quot;:&quot;&quot;,&quot;focal_length&quot;:&quot;4.45&quot;,&quot;iso&quot;:&quot;80&quot;,&quot;shutter_speed&quot;:&quot;0.0015625&quot;,&quot;title&quot;:&quot;&quot;,&quot;orientation&quot;:&quot;1&quot;}\" data-image-title=\"DSC01330\" data-image-description=\"\" data-medium-file=\"https:\/\/i0.wp.com\/www.animabelge.be\/wp-content\/uploads\/2017\/06\/dsc01330.jpg?fit=300%2C169&#038;ssl=1\" data-large-file=\"https:\/\/i0.wp.com\/www.animabelge.be\/wp-content\/uploads\/2017\/06\/dsc01330.jpg?fit=525%2C295&#038;ssl=1\" src=\"https:\/\/i0.wp.com\/www.animabelge.be\/wp-content\/uploads\/2017\/06\/dsc01330-256x144.jpg\" width=\"256\" height=\"144\" align=\"left\" title=\"DSC01330\" \/><\/a><\/div><\/div><\/div><div class=\"gallery-row\" style=\"width: 520px; height: 144px;\"><div class=\"gallery-group images-1\" style=\"width: 260px; height: 148px;\"><div class=\"tiled-gallery-item tiled-gallery-item-large\"><a href=\"https:\/\/www.animabelge.be\/?attachment_id=709\"><img loading=\"lazy\" decoding=\"async\" data-attachment-id=\"709\" data-orig-file=\"https:\/\/www.animabelge.be\/wp-content\/uploads\/2017\/06\/dsc01337.jpg\" data-orig-size=\"2000,1125\" data-comments-opened=\"1\" data-image-meta=\"{&quot;aperture&quot;:&quot;5&quot;,&quot;credit&quot;:&quot;&quot;,&quot;camera&quot;:&quot;DSC-W690&quot;,&quot;caption&quot;:&quot;&quot;,&quot;created_timestamp&quot;:&quot;1496666406&quot;,&quot;copyright&quot;:&quot;&quot;,&quot;focal_length&quot;:&quot;16.24&quot;,&quot;iso&quot;:&quot;80&quot;,&quot;shutter_speed&quot;:&quot;0.005&quot;,&quot;title&quot;:&quot;&quot;,&quot;orientation&quot;:&quot;1&quot;}\" data-image-title=\"DSC01337\" data-image-description=\"\" data-medium-file=\"https:\/\/i0.wp.com\/www.animabelge.be\/wp-content\/uploads\/2017\/06\/dsc01337.jpg?fit=300%2C169&#038;ssl=1\" data-large-file=\"https:\/\/i0.wp.com\/www.animabelge.be\/wp-content\/uploads\/2017\/06\/dsc01337.jpg?fit=525%2C295&#038;ssl=1\" src=\"https:\/\/i0.wp.com\/www.animabelge.be\/wp-content\/uploads\/2017\/06\/dsc01337-256x144.jpg\" width=\"256\" height=\"144\" align=\"left\" title=\"DSC01337\" \/><\/a><\/div><\/div><div class=\"gallery-group images-1\" style=\"width: 260px; height: 148px;\"><div class=\"tiled-gallery-item tiled-gallery-item-large\"><a href=\"https:\/\/www.animabelge.be\/?attachment_id=710\"><img loading=\"lazy\" decoding=\"async\" data-attachment-id=\"710\" data-orig-file=\"https:\/\/www.animabelge.be\/wp-content\/uploads\/2017\/06\/dsc01356.jpg\" data-orig-size=\"2000,1125\" data-comments-opened=\"1\" data-image-meta=\"{&quot;aperture&quot;:&quot;4.5&quot;,&quot;credit&quot;:&quot;&quot;,&quot;camera&quot;:&quot;DSC-W690&quot;,&quot;caption&quot;:&quot;&quot;,&quot;created_timestamp&quot;:&quot;1496674471&quot;,&quot;copyright&quot;:&quot;&quot;,&quot;focal_length&quot;:&quot;10.55&quot;,&quot;iso&quot;:&quot;80&quot;,&quot;shutter_speed&quot;:&quot;0.005&quot;,&quot;title&quot;:&quot;&quot;,&quot;orientation&quot;:&quot;1&quot;}\" data-image-title=\"DSC01356\" data-image-description=\"\" data-medium-file=\"https:\/\/i0.wp.com\/www.animabelge.be\/wp-content\/uploads\/2017\/06\/dsc01356.jpg?fit=300%2C169&#038;ssl=1\" data-large-file=\"https:\/\/i0.wp.com\/www.animabelge.be\/wp-content\/uploads\/2017\/06\/dsc01356.jpg?fit=525%2C295&#038;ssl=1\" src=\"https:\/\/i0.wp.com\/www.animabelge.be\/wp-content\/uploads\/2017\/06\/dsc01356-256x144.jpg\" width=\"256\" height=\"144\" align=\"left\" title=\"DSC01356\" \/><\/a><\/div><\/div><\/div><div class=\"gallery-row\" style=\"width: 520px; height: 144px;\"><div class=\"gallery-group images-1\" style=\"width: 260px; height: 148px;\"><div class=\"tiled-gallery-item tiled-gallery-item-large\"><a href=\"https:\/\/www.animabelge.be\/?attachment_id=711\"><img loading=\"lazy\" decoding=\"async\" data-attachment-id=\"711\" data-orig-file=\"https:\/\/www.animabelge.be\/wp-content\/uploads\/2017\/06\/dsc01319.jpg\" data-orig-size=\"2000,1125\" data-comments-opened=\"1\" data-image-meta=\"{&quot;aperture&quot;:&quot;5.6&quot;,&quot;credit&quot;:&quot;&quot;,&quot;camera&quot;:&quot;DSC-W690&quot;,&quot;caption&quot;:&quot;&quot;,&quot;created_timestamp&quot;:&quot;1496596452&quot;,&quot;copyright&quot;:&quot;&quot;,&quot;focal_length&quot;:&quot;18.89&quot;,&quot;iso&quot;:&quot;80&quot;,&quot;shutter_speed&quot;:&quot;0.004&quot;,&quot;title&quot;:&quot;&quot;,&quot;orientation&quot;:&quot;1&quot;}\" data-image-title=\"DSC01319\" data-image-description=\"\" data-medium-file=\"https:\/\/i0.wp.com\/www.animabelge.be\/wp-content\/uploads\/2017\/06\/dsc01319.jpg?fit=300%2C169&#038;ssl=1\" data-large-file=\"https:\/\/i0.wp.com\/www.animabelge.be\/wp-content\/uploads\/2017\/06\/dsc01319.jpg?fit=525%2C295&#038;ssl=1\" src=\"https:\/\/i0.wp.com\/www.animabelge.be\/wp-content\/uploads\/2017\/06\/dsc01319-256x144.jpg\" width=\"256\" height=\"144\" align=\"left\" title=\"DSC01319\" \/><\/a><\/div><\/div><div class=\"gallery-group images-1\" style=\"width: 260px; height: 148px;\"><div class=\"tiled-gallery-item tiled-gallery-item-large\"><a href=\"https:\/\/www.animabelge.be\/?attachment_id=706\"><img loading=\"lazy\" decoding=\"async\" data-attachment-id=\"706\" data-orig-file=\"https:\/\/www.animabelge.be\/wp-content\/uploads\/2017\/06\/dsc01299.jpg\" data-orig-size=\"2000,1125\" data-comments-opened=\"1\" data-image-meta=\"{&quot;aperture&quot;:&quot;5&quot;,&quot;credit&quot;:&quot;&quot;,&quot;camera&quot;:&quot;DSC-W690&quot;,&quot;caption&quot;:&quot;&quot;,&quot;created_timestamp&quot;:&quot;1496591765&quot;,&quot;copyright&quot;:&quot;&quot;,&quot;focal_length&quot;:&quot;16.24&quot;,&quot;iso&quot;:&quot;80&quot;,&quot;shutter_speed&quot;:&quot;0.0025&quot;,&quot;title&quot;:&quot;&quot;,&quot;orientation&quot;:&quot;1&quot;}\" data-image-title=\"DSC01299\" data-image-description=\"\" data-medium-file=\"https:\/\/i0.wp.com\/www.animabelge.be\/wp-content\/uploads\/2017\/06\/dsc01299.jpg?fit=300%2C169&#038;ssl=1\" data-large-file=\"https:\/\/i0.wp.com\/www.animabelge.be\/wp-content\/uploads\/2017\/06\/dsc01299.jpg?fit=525%2C295&#038;ssl=1\" src=\"https:\/\/i0.wp.com\/www.animabelge.be\/wp-content\/uploads\/2017\/06\/dsc01299-256x144.jpg\" width=\"256\" height=\"144\" align=\"left\" title=\"DSC01299\" \/><\/a><\/div><\/div><\/div><div class=\"gallery-row\" style=\"width: 520px; height: 290px;\"><div class=\"gallery-group images-1\" style=\"width: 520px; height: 294px;\"><div class=\"tiled-gallery-item tiled-gallery-item-large\"><a href=\"https:\/\/www.animabelge.be\/?attachment_id=678\"><img loading=\"lazy\" decoding=\"async\" data-attachment-id=\"678\" data-orig-file=\"https:\/\/www.animabelge.be\/wp-content\/uploads\/2017\/06\/dsc00049.jpg\" data-orig-size=\"2000,1124\" data-comments-opened=\"1\" data-image-meta=\"{&quot;aperture&quot;:&quot;3.4&quot;,&quot;credit&quot;:&quot;&quot;,&quot;camera&quot;:&quot;HDR-CX250E&quot;,&quot;caption&quot;:&quot;&quot;,&quot;created_timestamp&quot;:&quot;1496636673&quot;,&quot;copyright&quot;:&quot;&quot;,&quot;focal_length&quot;:&quot;3.6&quot;,&quot;iso&quot;:&quot;0&quot;,&quot;shutter_speed&quot;:&quot;0.0016666666666667&quot;,&quot;title&quot;:&quot;&quot;,&quot;orientation&quot;:&quot;1&quot;}\" data-image-title=\"DSC00049\" data-image-description=\"\" data-medium-file=\"https:\/\/i0.wp.com\/www.animabelge.be\/wp-content\/uploads\/2017\/06\/dsc00049.jpg?fit=300%2C169&#038;ssl=1\" data-large-file=\"https:\/\/i0.wp.com\/www.animabelge.be\/wp-content\/uploads\/2017\/06\/dsc00049.jpg?fit=525%2C295&#038;ssl=1\" src=\"https:\/\/i0.wp.com\/www.animabelge.be\/wp-content\/uploads\/2017\/06\/dsc00049-516x290.jpg\" width=\"516\" height=\"290\" align=\"left\" title=\"DSC00049\" \/><\/a><\/div><\/div><\/div><\/div>\n","protected":false},"excerpt":{"rendered":"<p>Ce lundi de Pentec\u00f4te se tenait la 32e \u00e9dition de la traditionelle foire aux \u00e2nes et aux mules de Ligni\u00e8res, dans le Berry, dans le centre de la France. C&rsquo;\u00e9tait l&rsquo;occasion de d\u00e9couvrir des \u00e2nes venus des 4 coins de l&rsquo;hexagone et d&rsquo;ailleurs. Concours, d\u00e9monstrations, march\u00e9 et artisans, spectacles et randonn\u00e9es ; il y avait &hellip; <\/p>\n<p class=\"link-more\"><a href=\"https:\/\/www.animabelge.be\/?p=671\" class=\"more-link\">Continuer la lecture<span class=\"screen-reader-text\"> de &laquo;&nbsp;Foire aux \u00c2nes et aux Mules de Ligni\u00e8res&nbsp;&raquo;<\/span><\/a><\/p>\n","protected":false},"author":2,"featured_media":0,"comment_status":"closed","ping_status":"open","sticky":false,"template":"","format":"standard","meta":{"jetpack_post_was_ever_published":false,"_jetpack_newsletter_access":"","_jetpack_dont_email_post_to_subs":false,"_jetpack_newsletter_tier_id":0,"_jetpack_memberships_contains_paywalled_content":false,"_jetpack_memberships_contains_paid_content":false,"footnotes":"","jetpack_publicize_message":"","jetpack_publicize_feature_enabled":true,"jetpack_social_post_already_shared":false,"jetpack_social_options":{"image_generator_settings":{"template":"highway","default_image_id":0,"font":"","enabled":false},"version":2}},"categories":[4],"tags":[],"class_list":["post-671","post","type-post","status-publish","format-standard","hentry","category-uncategorized"],"jetpack_publicize_connections":[],"jetpack_featured_media_url":"","jetpack_sharing_enabled":true,"jetpack_shortlink":"https:\/\/wp.me\/p9DO0T-aP","jetpack_likes_enabled":true,"jetpack-related-posts":[],"_links":{"self":[{"href":"https:\/\/www.animabelge.be\/index.php?rest_route=\/wp\/v2\/posts\/671","targetHints":{"allow":["GET"]}}],"collection":[{"href":"https:\/\/www.animabelge.be\/index.php?rest_route=\/wp\/v2\/posts"}],"about":[{"href":"https:\/\/www.animabelge.be\/index.php?rest_route=\/wp\/v2\/types\/post"}],"author":[{"embeddable":true,"href":"https:\/\/www.animabelge.be\/index.php?rest_route=\/wp\/v2\/users\/2"}],"replies":[{"embeddable":true,"href":"https:\/\/www.animabelge.be\/index.php?rest_route=%2Fwp%2Fv2%2Fcomments&post=671"}],"version-history":[{"count":4,"href":"https:\/\/www.animabelge.be\/index.php?rest_route=\/wp\/v2\/posts\/671\/revisions"}],"predecessor-version":[{"id":1015,"href":"https:\/\/www.animabelge.be\/index.php?rest_route=\/wp\/v2\/posts\/671\/revisions\/1015"}],"wp:attachment":[{"href":"https:\/\/www.animabelge.be\/index.php?rest_route=%2Fwp%2Fv2%2Fmedia&parent=671"}],"wp:term":[{"taxonomy":"category","embeddable":true,"href":"https:\/\/www.animabelge.be\/index.php?rest_route=%2Fwp%2Fv2%2Fcategories&post=671"},{"taxonomy":"post_tag","embeddable":true,"href":"https:\/\/www.animabelge.be\/index.php?rest_route=%2Fwp%2Fv2%2Ftags&post=671"}],"curies":[{"name":"wp","href":"https:\/\/api.w.org\/{rel}","templated":true}]}}