{"id":844,"date":"2017-07-23T10:31:55","date_gmt":"2017-07-23T10:31:55","guid":{"rendered":"https:\/\/animabelgeasbl.wordpress.com\/?p=844"},"modified":"2019-07-28T11:25:41","modified_gmt":"2019-07-28T09:25:41","slug":"nouveauc-batiments-enfin-le-debut-des-travaux","status":"publish","type":"post","link":"https:\/\/www.animabelge.be\/?p=844","title":{"rendered":"Nouveaux b\u00e2timents : enfin le d\u00e9but des travaux !"},"content":{"rendered":"<p>Apr\u00e8s plus de deux ans d&rsquo;attentes, entre les demandes de permis d&rsquo;urbanisme, et d&rsquo;obtention d&rsquo;un pr\u00eat aupr\u00e8s d&rsquo;une banque, le grand jour est enfin arriv\u00e9 !<\/p>\n<p>Les premiers coups de pelleteuse ont \u00e9t\u00e9 donn\u00e9s ce mardi ! Ce n&rsquo;est que le d\u00e9but de l&rsquo;aventure, puisqu&rsquo;il ne s&rsquo;agit encore que du terrassement, mais \u00e7a fait du bien de voir enfin les choses se concr\u00e9tiser&#8230;<\/p>\n<div data-carousel-extra='{\"blog_id\":1,\"permalink\":\"https:\\\/\\\/www.animabelge.be\\\/?p=844\"}' class=\"tiled-gallery type-rectangular\" data-original-width=\"525\"><div class=\"gallery-row\" style=\"width: 520px; height: 257px;\"><div class=\"gallery-group images-1\" style=\"width: 347px; height: 261px;\"><div class=\"tiled-gallery-item tiled-gallery-item-large\"><a href=\"https:\/\/www.animabelge.be\/?attachment_id=849\"><img loading=\"lazy\" decoding=\"async\" data-attachment-id=\"849\" data-orig-file=\"https:\/\/www.animabelge.be\/wp-content\/uploads\/2017\/07\/dsc01436.jpg\" data-orig-size=\"960,720\" data-comments-opened=\"1\" data-image-meta=\"{&quot;aperture&quot;:&quot;3.3&quot;,&quot;credit&quot;:&quot;&quot;,&quot;camera&quot;:&quot;DSC-W690&quot;,&quot;caption&quot;:&quot;&quot;,&quot;created_timestamp&quot;:&quot;1500366536&quot;,&quot;copyright&quot;:&quot;&quot;,&quot;focal_length&quot;:&quot;4.45&quot;,&quot;iso&quot;:&quot;80&quot;,&quot;shutter_speed&quot;:&quot;0.00625&quot;,&quot;title&quot;:&quot;&quot;,&quot;orientation&quot;:&quot;1&quot;}\" data-image-title=\"DSC01436\" data-image-description=\"\" data-medium-file=\"https:\/\/i0.wp.com\/www.animabelge.be\/wp-content\/uploads\/2017\/07\/dsc01436.jpg?fit=300%2C225&#038;ssl=1\" data-large-file=\"https:\/\/i0.wp.com\/www.animabelge.be\/wp-content\/uploads\/2017\/07\/dsc01436.jpg?fit=525%2C394&#038;ssl=1\" src=\"https:\/\/i0.wp.com\/www.animabelge.be\/wp-content\/uploads\/2017\/07\/dsc01436-343x257.jpg\" width=\"343\" height=\"257\" align=\"left\" title=\"DSC01436\" \/><\/a><\/div><\/div><div class=\"gallery-group images-2\" style=\"width: 173px; height: 261px;\"><div class=\"tiled-gallery-item tiled-gallery-item-small\"><a href=\"https:\/\/www.animabelge.be\/?attachment_id=850\"><img loading=\"lazy\" decoding=\"async\" data-attachment-id=\"850\" data-orig-file=\"https:\/\/www.animabelge.be\/wp-content\/uploads\/2017\/07\/dsc01451.jpg\" data-orig-size=\"960,720\" data-comments-opened=\"1\" data-image-meta=\"{&quot;aperture&quot;:&quot;3.3&quot;,&quot;credit&quot;:&quot;&quot;,&quot;camera&quot;:&quot;DSC-W690&quot;,&quot;caption&quot;:&quot;&quot;,&quot;created_timestamp&quot;:&quot;1500369534&quot;,&quot;copyright&quot;:&quot;&quot;,&quot;focal_length&quot;:&quot;4.45&quot;,&quot;iso&quot;:&quot;80&quot;,&quot;shutter_speed&quot;:&quot;0.004&quot;,&quot;title&quot;:&quot;&quot;,&quot;orientation&quot;:&quot;1&quot;}\" data-image-title=\"DSC01451\" data-image-description=\"\" data-medium-file=\"https:\/\/i0.wp.com\/www.animabelge.be\/wp-content\/uploads\/2017\/07\/dsc01451.jpg?fit=300%2C225&#038;ssl=1\" data-large-file=\"https:\/\/i0.wp.com\/www.animabelge.be\/wp-content\/uploads\/2017\/07\/dsc01451.jpg?fit=525%2C394&#038;ssl=1\" src=\"https:\/\/i0.wp.com\/www.animabelge.be\/wp-content\/uploads\/2017\/07\/dsc01451-169x127.jpg\" width=\"169\" height=\"127\" align=\"left\" title=\"DSC01451\" \/><\/a><\/div><div class=\"tiled-gallery-item tiled-gallery-item-small\"><a href=\"https:\/\/www.animabelge.be\/?attachment_id=851\"><img loading=\"lazy\" decoding=\"async\" data-attachment-id=\"851\" data-orig-file=\"https:\/\/www.animabelge.be\/wp-content\/uploads\/2017\/07\/dsc01509.jpg\" data-orig-size=\"960,720\" data-comments-opened=\"1\" data-image-meta=\"{&quot;aperture&quot;:&quot;3.3&quot;,&quot;credit&quot;:&quot;&quot;,&quot;camera&quot;:&quot;DSC-W690&quot;,&quot;caption&quot;:&quot;&quot;,&quot;created_timestamp&quot;:&quot;1500562552&quot;,&quot;copyright&quot;:&quot;&quot;,&quot;focal_length&quot;:&quot;4.45&quot;,&quot;iso&quot;:&quot;80&quot;,&quot;shutter_speed&quot;:&quot;0.002&quot;,&quot;title&quot;:&quot;&quot;,&quot;orientation&quot;:&quot;1&quot;}\" data-image-title=\"DSC01509\" data-image-description=\"\" data-medium-file=\"https:\/\/i0.wp.com\/www.animabelge.be\/wp-content\/uploads\/2017\/07\/dsc01509.jpg?fit=300%2C225&#038;ssl=1\" data-large-file=\"https:\/\/i0.wp.com\/www.animabelge.be\/wp-content\/uploads\/2017\/07\/dsc01509.jpg?fit=525%2C394&#038;ssl=1\" src=\"https:\/\/i0.wp.com\/www.animabelge.be\/wp-content\/uploads\/2017\/07\/dsc01509-169x126.jpg\" width=\"169\" height=\"126\" align=\"left\" title=\"DSC01509\" \/><\/a><\/div><\/div><\/div><div class=\"gallery-row\" style=\"width: 520px; height: 192px;\"><div class=\"gallery-group images-1\" style=\"width: 260px; height: 196px;\"><div class=\"tiled-gallery-item tiled-gallery-item-large\"><a href=\"https:\/\/www.animabelge.be\/?attachment_id=852\"><img loading=\"lazy\" decoding=\"async\" data-attachment-id=\"852\" data-orig-file=\"https:\/\/www.animabelge.be\/wp-content\/uploads\/2017\/07\/dsc01521.jpg\" data-orig-size=\"960,720\" data-comments-opened=\"1\" data-image-meta=\"{&quot;aperture&quot;:&quot;3.3&quot;,&quot;credit&quot;:&quot;&quot;,&quot;camera&quot;:&quot;DSC-W690&quot;,&quot;caption&quot;:&quot;&quot;,&quot;created_timestamp&quot;:&quot;1500564899&quot;,&quot;copyright&quot;:&quot;&quot;,&quot;focal_length&quot;:&quot;4.45&quot;,&quot;iso&quot;:&quot;80&quot;,&quot;shutter_speed&quot;:&quot;0.00625&quot;,&quot;title&quot;:&quot;&quot;,&quot;orientation&quot;:&quot;1&quot;}\" data-image-title=\"DSC01521\" data-image-description=\"\" data-medium-file=\"https:\/\/i0.wp.com\/www.animabelge.be\/wp-content\/uploads\/2017\/07\/dsc01521.jpg?fit=300%2C225&#038;ssl=1\" data-large-file=\"https:\/\/i0.wp.com\/www.animabelge.be\/wp-content\/uploads\/2017\/07\/dsc01521.jpg?fit=525%2C394&#038;ssl=1\" src=\"https:\/\/i0.wp.com\/www.animabelge.be\/wp-content\/uploads\/2017\/07\/dsc01521-256x192.jpg\" width=\"256\" height=\"192\" align=\"left\" title=\"DSC01521\" \/><\/a><\/div><\/div><div class=\"gallery-group images-1\" style=\"width: 260px; height: 196px;\"><div class=\"tiled-gallery-item tiled-gallery-item-large\"><a href=\"https:\/\/www.animabelge.be\/?attachment_id=853\"><img loading=\"lazy\" decoding=\"async\" data-attachment-id=\"853\" data-orig-file=\"https:\/\/www.animabelge.be\/wp-content\/uploads\/2017\/07\/dsc01541.jpg\" data-orig-size=\"960,720\" data-comments-opened=\"1\" data-image-meta=\"{&quot;aperture&quot;:&quot;3.3&quot;,&quot;credit&quot;:&quot;&quot;,&quot;camera&quot;:&quot;DSC-W690&quot;,&quot;caption&quot;:&quot;&quot;,&quot;created_timestamp&quot;:&quot;1500567901&quot;,&quot;copyright&quot;:&quot;&quot;,&quot;focal_length&quot;:&quot;4.45&quot;,&quot;iso&quot;:&quot;80&quot;,&quot;shutter_speed&quot;:&quot;0.016666666666667&quot;,&quot;title&quot;:&quot;&quot;,&quot;orientation&quot;:&quot;1&quot;}\" data-image-title=\"DSC01541\" data-image-description=\"\" data-medium-file=\"https:\/\/i0.wp.com\/www.animabelge.be\/wp-content\/uploads\/2017\/07\/dsc01541.jpg?fit=300%2C225&#038;ssl=1\" data-large-file=\"https:\/\/i0.wp.com\/www.animabelge.be\/wp-content\/uploads\/2017\/07\/dsc01541.jpg?fit=525%2C394&#038;ssl=1\" src=\"https:\/\/i0.wp.com\/www.animabelge.be\/wp-content\/uploads\/2017\/07\/dsc01541-256x192.jpg\" width=\"256\" height=\"192\" align=\"left\" title=\"DSC01541\" \/><\/a><\/div><\/div><\/div><\/div>\n<p>La constuction proprement dite du premier b\u00e2timent, destin\u00e9 \u00e0 abriter les animaux en hiver, est pr\u00e9vue pour la fin de l&rsquo;\u00e9t\u00e9.<\/p>\n","protected":false},"excerpt":{"rendered":"<p>Apr\u00e8s plus de deux ans d&rsquo;attentes, entre les demandes de permis d&rsquo;urbanisme, et d&rsquo;obtention d&rsquo;un pr\u00eat aupr\u00e8s d&rsquo;une banque, le grand jour est enfin arriv\u00e9 ! Les premiers coups de pelleteuse ont \u00e9t\u00e9 donn\u00e9s ce mardi ! Ce n&rsquo;est que le d\u00e9but de l&rsquo;aventure, puisqu&rsquo;il ne s&rsquo;agit encore que du terrassement, mais \u00e7a fait du &hellip; <\/p>\n<p class=\"link-more\"><a href=\"https:\/\/www.animabelge.be\/?p=844\" class=\"more-link\">Continuer la lecture<span class=\"screen-reader-text\"> de &laquo;&nbsp;Nouveaux b\u00e2timents : enfin le d\u00e9but des travaux !&nbsp;&raquo;<\/span><\/a><\/p>\n","protected":false},"author":2,"featured_media":0,"comment_status":"closed","ping_status":"open","sticky":false,"template":"","format":"standard","meta":{"jetpack_post_was_ever_published":false,"_jetpack_newsletter_access":"","_jetpack_dont_email_post_to_subs":false,"_jetpack_newsletter_tier_id":0,"_jetpack_memberships_contains_paywalled_content":false,"_jetpack_memberships_contains_paid_content":false,"footnotes":"","jetpack_publicize_message":"","jetpack_publicize_feature_enabled":true,"jetpack_social_post_already_shared":false,"jetpack_social_options":{"image_generator_settings":{"template":"highway","default_image_id":0,"font":"","enabled":false},"version":2}},"categories":[4],"tags":[],"class_list":["post-844","post","type-post","status-publish","format-standard","hentry","category-uncategorized"],"jetpack_publicize_connections":[],"jetpack_featured_media_url":"","jetpack_sharing_enabled":true,"jetpack_shortlink":"https:\/\/wp.me\/p9DO0T-dC","jetpack_likes_enabled":true,"jetpack-related-posts":[],"_links":{"self":[{"href":"https:\/\/www.animabelge.be\/index.php?rest_route=\/wp\/v2\/posts\/844","targetHints":{"allow":["GET"]}}],"collection":[{"href":"https:\/\/www.animabelge.be\/index.php?rest_route=\/wp\/v2\/posts"}],"about":[{"href":"https:\/\/www.animabelge.be\/index.php?rest_route=\/wp\/v2\/types\/post"}],"author":[{"embeddable":true,"href":"https:\/\/www.animabelge.be\/index.php?rest_route=\/wp\/v2\/users\/2"}],"replies":[{"embeddable":true,"href":"https:\/\/www.animabelge.be\/index.php?rest_route=%2Fwp%2Fv2%2Fcomments&post=844"}],"version-history":[{"count":1,"href":"https:\/\/www.animabelge.be\/index.php?rest_route=\/wp\/v2\/posts\/844\/revisions"}],"predecessor-version":[{"id":1081,"href":"https:\/\/www.animabelge.be\/index.php?rest_route=\/wp\/v2\/posts\/844\/revisions\/1081"}],"wp:attachment":[{"href":"https:\/\/www.animabelge.be\/index.php?rest_route=%2Fwp%2Fv2%2Fmedia&parent=844"}],"wp:term":[{"taxonomy":"category","embeddable":true,"href":"https:\/\/www.animabelge.be\/index.php?rest_route=%2Fwp%2Fv2%2Fcategories&post=844"},{"taxonomy":"post_tag","embeddable":true,"href":"https:\/\/www.animabelge.be\/index.php?rest_route=%2Fwp%2Fv2%2Ftags&post=844"}],"curies":[{"name":"wp","href":"https:\/\/api.w.org\/{rel}","templated":true}]}}